{"id":957,"date":"2021-02-18T16:00:50","date_gmt":"2021-02-18T14:00:50","guid":{"rendered":"https:\/\/www.seguro-comunidades.es\/blog\/?p=957"},"modified":"2021-02-18T16:00:50","modified_gmt":"2021-02-18T14:00:50","slug":"comunidades-autonomas-inician-desescalada-ignorando-a-la-oms","status":"publish","type":"post","link":"https:\/\/www.seguro-comunidades.es\/blog\/comunidades\/comunidades-autonomas-inician-desescalada-ignorando-a-la-oms\/","title":{"rendered":"Comunidades aut\u00f3nomas inician desescalada ignorando a la OMS"},"content":{"rendered":"<p>La Organizaci\u00f3n mundial de la Salud, advierte que es cierto que los contagios han disminuido, pero todav\u00eda se mantienen niveles altos de tasas de contagio. Sin embargo, las diferentes <strong>comunidades aut\u00f3nomas inician desescalada ignorando a la OMS <\/strong>y sus advertencias. Lo que retrasa a\u00fan m\u00e1s la salida final de la crisis sanitaria.<\/p>\n<p>Algunas comunidades haciendo caso omiso de las advertencias de la OMS, han decidido suavizar las medidas restrictivas. Otras las han mantenido y otras comunidades han eliminado el confinamiento de la perimetral que proteg\u00eda al municipio.<\/p>\n<div id=\"ez-toc-container\" class=\"ez-toc-v2_0_82_2 counter-hierarchy ez-toc-counter ez-toc-grey ez-toc-container-direction\">\n<div class=\"ez-toc-title-container\">\n<p class=\"ez-toc-title\" style=\"cursor:inherit\">Table of Contents<\/p>\n<span class=\"ez-toc-title-toggle\"><a href=\"#\" class=\"ez-toc-pull-right ez-toc-btn ez-toc-btn-xs ez-toc-btn-default ez-toc-toggle\" aria-label=\"Alternar tabla de contenidos\"><span class=\"ez-toc-js-icon-con\"><span class=\"\"><span class=\"eztoc-hide\" style=\"display:none;\">Toggle<\/span><span class=\"ez-toc-icon-toggle-span\"><svg style=\"fill: #999;color:#999\" xmlns=\"http:\/\/www.w3.org\/2000\/svg\" class=\"list-377408\" width=\"20px\" height=\"20px\" viewBox=\"0 0 24 24\" fill=\"none\"><path d=\"M6 6H4v2h2V6zm14 0H8v2h12V6zM4 11h2v2H4v-2zm16 0H8v2h12v-2zM4 16h2v2H4v-2zm16 0H8v2h12v-2z\" fill=\"currentColor\"><\/path><\/svg><svg style=\"fill: #999;color:#999\" class=\"arrow-unsorted-368013\" xmlns=\"http:\/\/www.w3.org\/2000\/svg\" width=\"10px\" height=\"10px\" viewBox=\"0 0 24 24\" version=\"1.2\" baseProfile=\"tiny\"><path d=\"M18.2 9.3l-6.2-6.3-6.2 6.3c-.2.2-.3.4-.3.7s.1.5.3.7c.2.2.4.3.7.3h11c.3 0 .5-.1.7-.3.2-.2.3-.5.3-.7s-.1-.5-.3-.7zM5.8 14.7l6.2 6.3 6.2-6.3c.2-.2.3-.5.3-.7s-.1-.5-.3-.7c-.2-.2-.4-.3-.7-.3h-11c-.3 0-.5.1-.7.3-.2.2-.3.5-.3.7s.1.5.3.7z\"\/><\/svg><\/span><\/span><\/span><\/a><\/span><\/div>\n<nav><ul class='ez-toc-list ez-toc-list-level-1 ' ><li class='ez-toc-page-1 ez-toc-heading-level-2'><a class=\"ez-toc-link ez-toc-heading-1\" href=\"https:\/\/www.seguro-comunidades.es\/blog\/comunidades\/comunidades-autonomas-inician-desescalada-ignorando-a-la-oms\/#Las_comunidades_inician_desescalada\" >Las comunidades inician desescalada<\/a><\/li><li class='ez-toc-page-1 ez-toc-heading-level-2'><a class=\"ez-toc-link ez-toc-heading-2\" href=\"https:\/\/www.seguro-comunidades.es\/blog\/comunidades\/comunidades-autonomas-inician-desescalada-ignorando-a-la-oms\/#Centro_de_Coordinacion_de_Alertas_y_Emergencias_Sanitarias_y_la_OMS_alertan_a_las_comunidades\" >Centro de Coordinaci\u00f3n de Alertas y Emergencias Sanitarias y la OMS alertan a las comunidades<\/a><\/li><\/ul><\/nav><\/div>\n<h2><span class=\"ez-toc-section\" id=\"Las_comunidades_inician_desescalada\"><\/span>Las comunidades inician desescalada<span class=\"ez-toc-section-end\"><\/span><\/h2>\n<p>Entre las comunidades que eliminaron la protecci\u00f3n perimetral se cuentan Arag\u00f3n, Andaluc\u00eda o Cantabria. Bas\u00e1ndose en que el nivel de <a href=\"https:\/\/www.seguro-comunidades.es\/blog\/coronavirus\/como-se-vive-el-confinamiento-en-las-comunidades\/\">riesgo de contagio<\/a> definido por ellos disminuy\u00f3. Otras como Extremadura y Castilla-La Mancha, abrieron las actividades de hosteler\u00eda y en las grandes superficies.<\/p>\n<p>En este caso, se basaron en que, en Euskadi el Tribunal Superior de Justicia, permiti\u00f3 que se activaran estas actividades econ\u00f3micas. A pesar de estar ubicadas en las clasificadas como \u201czona roja\u201d por la alta incidencia de la enfermedad.<\/p>\n<p>De igual forma <strong>Catalunya abri\u00f3 las actividades en los restaurantes<\/strong> para el desayuno y la comida. Y por su parte, Madrid decidi\u00f3 mantener abiertos solo los establecimientos que hasta ahora est\u00e1n desarrollando alguna actividad, sin incluir nuevas en vigor. Pero sin dejar de considerar el suavizar a\u00fan m\u00e1s las restricciones para la semana pr\u00f3xima.<\/p>\n<p>En este mismo sentido, Galicia estima que para el pr\u00f3ximo lunes tambi\u00e9n estar\u00e1 suavizando las restricciones.<\/p>\n<p>Mientras que, en las islas Canarias act\u00faan en forma contraria. Alertan a la ciudadan\u00eda sobre el peligro que implica relajar las restricciones. Inclusive las fortaleci\u00f3 con medidas extraordinarias para los d\u00edas de carnaval. Adelantaron en una hora el toque de queda y redujeron a 4 personas, el m\u00e1ximo permitido para reunirse socialmente.<\/p>\n<p>Mientras que la OMS insiste en advertir a las comunidades que no relajen las restricciones. Ya que hay peligro de que se pierda el esfuerzo que se ha realizado hasta ahora. Todav\u00eda no es el momento para debilitar las medidas.<\/p>\n<p>Es cierto que desde hace 4 semanas los casos diarios de contagio con la COVID-19 han disminuido en forma progresiva. Sin embargo, es necesario mantenerse alerta y esperar, pues son reducciones relativas, y la tasa de trasmisi\u00f3n todav\u00eda se mantiene muy alta.<\/p>\n<p>En este sentido, hasta el 12 de febrero la incidencia era de <strong>540 casos<\/strong> \/14 d\u00edas\/100 mil habitantes y se espera bajar por lo menos a 50 casos de incidencia acumulada en 14 d\u00edas.<\/p>\n<p>Mientras que, en Alemania, la tasa de incidencia es de <strong>62,5 <\/strong>casos\/semana\/100 mil habitantes y se decidi\u00f3 prolongar hasta el 7 de marzo las restricciones. Con la meta de bajar a 35 casos\/semana\/100 mil habitantes.<\/p>\n<h2><span class=\"ez-toc-section\" id=\"Centro_de_Coordinacion_de_Alertas_y_Emergencias_Sanitarias_y_la_OMS_alertan_a_las_comunidades\"><\/span>Centro de Coordinaci\u00f3n de Alertas y Emergencias Sanitarias y la OMS alertan a las comunidades<span class=\"ez-toc-section-end\"><\/span><\/h2>\n<p>Considerando el escenario descrito anteriormente, el director del Centro de Coordinaci\u00f3n de Alertas y Emergencias Sanitarias y la OMS se\u00f1alan el peligro de realizar desescaladas en forma apresurada y por ende \u201cmal hechas\u201d. Ya que ello solo conduce a generar, nuevas olas de contagio y la expansi\u00f3n de la enfermedad.<\/p>\n<p>Es necesario hacerlo con conciencia y no todas las comunidades a la vez. Y muy especialmente considerando que la nueva cepa brit\u00e1nica podr\u00eda ocasionar incrementos de contagio con mayor rapidez que en las olas anteriores.<\/p>\n<p>Pues todav\u00eda hay seis comunidades aut\u00f3nomas donde la tasa de incidencia acumulada est\u00e1 por encima de la media (540 casos\/100 mil habitantes). As\u00ed que hay que mantener las medidas con relaci\u00f3n al uso de la mascarilla, el distanciamiento social y el uso del gel antis\u00e9ptico. De manera de <strong>reducir en las posibilidades de contagio<\/strong>.<\/p>\n<p>Pero, por otra parte, en las comunidades donde la tasa de contagio ha disminuido y todav\u00eda se mantienen r\u00edgidas y dr\u00e1sticas de control, flexibilizarlas en forma gradual.<\/p>\n<p>Es importante que las comunidades entiendan que se han notificado 14.581 casos nuevos de la COVID-19. De los cuales se reportaron en un d\u00eda 5.566. Cifras cabe destacar, muy inferiores a las notificadas hace una semana (28.565). Sin embargo, todav\u00eda son valores muy altos de contagio. As\u00ed, desde que inici\u00f3 la pandemia los casos de contagio alcanzan <strong>3.056.035 casos<\/strong>.<\/p>\n","protected":false},"excerpt":{"rendered":"<p>La Organizaci\u00f3n mundial de la Salud, advierte que es cierto que los contagios han disminuido, pero todav\u00eda se mantienen niveles altos de tasas de contagio. Sin embargo, las diferentes comunidades aut\u00f3nomas inician desescalada ignorando a la OMS y sus advertencias. Lo que retrasa a\u00fan m\u00e1s la salida final de la crisis sanitaria. Algunas comunidades haciendo [&hellip;]<\/p>\n","protected":false},"author":1,"featured_media":958,"comment_status":"open","ping_status":"open","sticky":false,"template":"","format":"standard","meta":{"_et_pb_use_builder":"","_et_pb_old_content":"","_et_gb_content_width":"","footnotes":""},"categories":[639],"tags":[648,657,658],"class_list":["post-957","post","type-post","status-publish","format-standard","has-post-thumbnail","hentry","category-comunidades","tag-confinamiento","tag-desescalad","tag-oms"],"_links":{"self":[{"href":"https:\/\/www.seguro-comunidades.es\/blog\/wp-json\/wp\/v2\/posts\/957","targetHints":{"allow":["GET"]}}],"collection":[{"href":"https:\/\/www.seguro-comunidades.es\/blog\/wp-json\/wp\/v2\/posts"}],"about":[{"href":"https:\/\/www.seguro-comunidades.es\/blog\/wp-json\/wp\/v2\/types\/post"}],"author":[{"embeddable":true,"href":"https:\/\/www.seguro-comunidades.es\/blog\/wp-json\/wp\/v2\/users\/1"}],"replies":[{"embeddable":true,"href":"https:\/\/www.seguro-comunidades.es\/blog\/wp-json\/wp\/v2\/comments?post=957"}],"version-history":[{"count":1,"href":"https:\/\/www.seguro-comunidades.es\/blog\/wp-json\/wp\/v2\/posts\/957\/revisions"}],"predecessor-version":[{"id":959,"href":"https:\/\/www.seguro-comunidades.es\/blog\/wp-json\/wp\/v2\/posts\/957\/revisions\/959"}],"wp:featuredmedia":[{"embeddable":true,"href":"https:\/\/www.seguro-comunidades.es\/blog\/wp-json\/wp\/v2\/media\/958"}],"wp:attachment":[{"href":"https:\/\/www.seguro-comunidades.es\/blog\/wp-json\/wp\/v2\/media?parent=957"}],"wp:term":[{"taxonomy":"category","embeddable":true,"href":"https:\/\/www.seguro-comunidades.es\/blog\/wp-json\/wp\/v2\/categories?post=957"},{"taxonomy":"post_tag","embeddable":true,"href":"https:\/\/www.seguro-comunidades.es\/blog\/wp-json\/wp\/v2\/tags?post=957"}],"curies":[{"name":"wp","href":"https:\/\/api.w.org\/{rel}","templated":true}]}}