{"id":945,"date":"2020-12-07T16:58:38","date_gmt":"2020-12-07T14:58:38","guid":{"rendered":"https:\/\/www.seguro-comunidades.es\/blog\/?p=945"},"modified":"2020-12-15T17:00:22","modified_gmt":"2020-12-15T15:00:22","slug":"movilidad-entre-comunidades-durante-esta-navidad","status":"publish","type":"post","link":"https:\/\/www.seguro-comunidades.es\/blog\/comunidades\/movilidad-entre-comunidades-durante-esta-navidad\/","title":{"rendered":"Movilidad entre comunidades durante esta navidad"},"content":{"rendered":"<p>En este a\u00f1o de pandemia mundial, no solo ser\u00e1 diferente <strong>la movilidad entre comunidades durante esta navidad<\/strong>. Todo lo relacionado con reuniones sociales y familiares tambi\u00e9n cambia, de acuerdo a las normas restrictivas para evitar expansi\u00f3n de la COVID-19.<\/p>\n<p>Las poligonales de algunas Comunidades Aut\u00f3nomas, estar\u00e1n cerradas durante todas las fiestas. De hecho, ya en algunas autonom\u00edas est\u00e1 prohibido entrar o salir de ellas, debido al estado de alarma de la segunda ola de la pandemia.<\/p>\n<p>Cada comunidad tiene la libertad para decidir cu\u00e1les ser\u00e1n las restricciones que impondr\u00e1, con relaci\u00f3n al n\u00famero de personas que se pueden reunir en celebraciones familiares. O la hora hasta que se permitir\u00e1n estas celebraciones.<\/p>\n<p>Asimismo, las diferentes comunidades definir\u00e1n los d\u00edas en que estar\u00e1 permitido viajar para reunirse con las familias. O tambi\u00e9n hasta que hora se extender\u00e1 el toque de queda en estas noches de celebraci\u00f3n.<\/p>\n<blockquote><p>Utiliza el <a href=\"https:\/\/www.seguros-generales.es\/seguros-comunidades.html\" target=\"_blank\" rel=\"noopener\">comparador de seguros de comunidades<\/a> para encontrar la mejor opci\u00f3n en p\u00f3lizas para tu comunidad<\/p><\/blockquote>\n<p>En principio, se acord\u00f3 que se cerrar\u00e1n las perimetrales de todas las comunidades a partir del <strong>23 de diciembre, hasta el 6 de enero<\/strong>. Una estrategia anti COVID-19, aprobada por el Consejo Interterritorial del Sistema Nacional de Salud (CISNS). Excepto en Baleares y Canarias.<\/p>\n<p>Otra de las medidas acordadas a nivel nacional, fue ampliar el n\u00famero de personas permitidas a reunirse el 24, 25, y 31 de diciembre y 1 de enero. De 6 acordado inicialmente a 10 personas por reuni\u00f3n. De igual forma, se ampliar\u00e1 el toque de queda nocturno, normado hasta la <strong>1:30 horas<\/strong>.<\/p>\n<div id=\"ez-toc-container\" class=\"ez-toc-v2_0_82_2 counter-hierarchy ez-toc-counter ez-toc-grey ez-toc-container-direction\">\n<div class=\"ez-toc-title-container\">\n<p class=\"ez-toc-title\" style=\"cursor:inherit\">Table of Contents<\/p>\n<span class=\"ez-toc-title-toggle\"><a href=\"#\" class=\"ez-toc-pull-right ez-toc-btn ez-toc-btn-xs ez-toc-btn-default ez-toc-toggle\" aria-label=\"Alternar tabla de contenidos\"><span class=\"ez-toc-js-icon-con\"><span class=\"\"><span class=\"eztoc-hide\" style=\"display:none;\">Toggle<\/span><span class=\"ez-toc-icon-toggle-span\"><svg style=\"fill: #999;color:#999\" xmlns=\"http:\/\/www.w3.org\/2000\/svg\" class=\"list-377408\" width=\"20px\" height=\"20px\" viewBox=\"0 0 24 24\" fill=\"none\"><path d=\"M6 6H4v2h2V6zm14 0H8v2h12V6zM4 11h2v2H4v-2zm16 0H8v2h12v-2zM4 16h2v2H4v-2zm16 0H8v2h12v-2z\" fill=\"currentColor\"><\/path><\/svg><svg style=\"fill: #999;color:#999\" class=\"arrow-unsorted-368013\" xmlns=\"http:\/\/www.w3.org\/2000\/svg\" width=\"10px\" height=\"10px\" viewBox=\"0 0 24 24\" version=\"1.2\" baseProfile=\"tiny\"><path d=\"M18.2 9.3l-6.2-6.3-6.2 6.3c-.2.2-.3.4-.3.7s.1.5.3.7c.2.2.4.3.7.3h11c.3 0 .5-.1.7-.3.2-.2.3-.5.3-.7s-.1-.5-.3-.7zM5.8 14.7l6.2 6.3 6.2-6.3c.2-.2.3-.5.3-.7s-.1-.5-.3-.7c-.2-.2-.4-.3-.7-.3h-11c-.3 0-.5.1-.7.3-.2.2-.3.5-.3.7s.1.5.3.7z\"\/><\/svg><\/span><\/span><\/span><\/a><\/span><\/div>\n<nav><ul class='ez-toc-list ez-toc-list-level-1 ' ><li class='ez-toc-page-1 ez-toc-heading-level-2'><a class=\"ez-toc-link ez-toc-heading-1\" href=\"https:\/\/www.seguro-comunidades.es\/blog\/comunidades\/movilidad-entre-comunidades-durante-esta-navidad\/#Planes_oficiales_de_algunas_comunidades\" >Planes oficiales de algunas comunidades<\/a><ul class='ez-toc-list-level-3' ><li class='ez-toc-heading-level-3'><a class=\"ez-toc-link ez-toc-heading-2\" href=\"https:\/\/www.seguro-comunidades.es\/blog\/comunidades\/movilidad-entre-comunidades-durante-esta-navidad\/#Andalucia\" >Andaluc\u00eda<\/a><\/li><li class='ez-toc-page-1 ez-toc-heading-level-3'><a class=\"ez-toc-link ez-toc-heading-3\" href=\"https:\/\/www.seguro-comunidades.es\/blog\/comunidades\/movilidad-entre-comunidades-durante-esta-navidad\/#Cantabria\" >Cantabria<\/a><\/li><li class='ez-toc-page-1 ez-toc-heading-level-3'><a class=\"ez-toc-link ez-toc-heading-4\" href=\"https:\/\/www.seguro-comunidades.es\/blog\/comunidades\/movilidad-entre-comunidades-durante-esta-navidad\/#Castilla_y_Leon\" >Castilla y Le\u00f3n<\/a><\/li><li class='ez-toc-page-1 ez-toc-heading-level-3'><a class=\"ez-toc-link ez-toc-heading-5\" href=\"https:\/\/www.seguro-comunidades.es\/blog\/comunidades\/movilidad-entre-comunidades-durante-esta-navidad\/#Castilla-La_Mancha\" >Castilla-La Mancha<\/a><\/li><li class='ez-toc-page-1 ez-toc-heading-level-3'><a class=\"ez-toc-link ez-toc-heading-6\" href=\"https:\/\/www.seguro-comunidades.es\/blog\/comunidades\/movilidad-entre-comunidades-durante-esta-navidad\/#Cataluna\" >Catalu\u00f1a<\/a><\/li><li class='ez-toc-page-1 ez-toc-heading-level-3'><a class=\"ez-toc-link ez-toc-heading-7\" href=\"https:\/\/www.seguro-comunidades.es\/blog\/comunidades\/movilidad-entre-comunidades-durante-esta-navidad\/#Comunidad_Foral_de_Navarra\" >Comunidad Foral de Navarra<\/a><\/li><li class='ez-toc-page-1 ez-toc-heading-level-3'><a class=\"ez-toc-link ez-toc-heading-8\" href=\"https:\/\/www.seguro-comunidades.es\/blog\/comunidades\/movilidad-entre-comunidades-durante-esta-navidad\/#Comunidad_Valenciana\" >Comunidad Valenciana<\/a><\/li><li class='ez-toc-page-1 ez-toc-heading-level-3'><a class=\"ez-toc-link ez-toc-heading-9\" href=\"https:\/\/www.seguro-comunidades.es\/blog\/comunidades\/movilidad-entre-comunidades-durante-esta-navidad\/#Extremadura\" >Extremadura<\/a><\/li><\/ul><\/li><\/ul><\/nav><\/div>\n<h2><span class=\"ez-toc-section\" id=\"Planes_oficiales_de_algunas_comunidades\"><\/span>Planes oficiales de algunas comunidades<span class=\"ez-toc-section-end\"><\/span><\/h2>\n<p>Algunas comunidades ya han hecho modificaciones a las normas establecidas y cuentan con un plan oficial para su comunidad. Hasta ahora la Comunidad Valenciana ya anunci\u00f3 su plan definitivo. Sin embargo, otras comunidades todav\u00eda est\u00e1n analizando las medidas a tomar o si deciden mantener las definidas por el gobierno central.<\/p>\n<h3><span class=\"ez-toc-section\" id=\"Andalucia\"><\/span>Andaluc\u00eda<span class=\"ez-toc-section-end\"><\/span><\/h3>\n<p>El s\u00e1bado 12 de diciembre se publicaron las restricciones que se aplicar\u00e1n en esta comunidad. As\u00ed todos los habitantes se enterar\u00e1n de los que est\u00e1 permitido realizar y que no es posible hacer. En especial con relaci\u00f3n a los horarios de toques de queda y las perimetrales de la comunidad.<\/p>\n<p>En este sentido adelant\u00f3 que se permitir\u00e1n desplazamientos de familiares, fuera y dentro de la comunidad y entre provincias. Tambi\u00e9n prev\u00e9 que el toque de queda se extienda entre la 1:30 y 7:00 horas, para nochebuena, navidad, noche vieja y a\u00f1o nuevo, solo para retornar a sus hogares.<\/p>\n<blockquote><p>Mant\u00e9n tu comunidad protegida contratando el mejor <a href=\"https:\/\/www.seguros-generales.es\/seguros-comunidades.html\" target=\"_blank\" rel=\"noopener\">seguro para comunidades<\/a> disponible<\/p><\/blockquote>\n<h3><span class=\"ez-toc-section\" id=\"Cantabria\"><\/span>Cantabria<span class=\"ez-toc-section-end\"><\/span><\/h3>\n<p>Cantabria por su parte, no ha definido un plan espec\u00edfico. Pero est\u00e1 analizando la extensi\u00f3n del toque de queda para que las familias regresen a sus casas. Asimismo, estudia la posibilidad de abrir el per\u00edmetro noche buena y noche vieja.<\/p>\n<h3><span class=\"ez-toc-section\" id=\"Castilla_y_Leon\"><\/span>Castilla y Le\u00f3n<span class=\"ez-toc-section-end\"><\/span><\/h3>\n<p>No se conocen a\u00fan los planes sobre la apertura de la perimetral de la comunidad. Pero est\u00e1n conscientes que solo se abrir\u00e1 en d\u00edas espec\u00edficos. Y por otra parte solicit\u00f3 a gobierno aclarar la definici\u00f3n de allegados. Pues, es un t\u00e9rmino con muchas definiciones, es muy amplio y ambiguo.<\/p>\n<h3><span class=\"ez-toc-section\" id=\"Castilla-La_Mancha\"><\/span>Castilla-La Mancha<span class=\"ez-toc-section-end\"><\/span><\/h3>\n<p>Hasta los momentos se estima que solo se podr\u00e1n movilizar fuera de la comunidad los d\u00edas festivos, 24, 25 y 31 de diciembre y 1 de enero. Ser\u00e1 el 14 de diciembre cuando se publiquen las medidas establecidas formalmente.<\/p>\n<h3><span class=\"ez-toc-section\" id=\"Cataluna\"><\/span>Catalu\u00f1a<span class=\"ez-toc-section-end\"><\/span><\/h3>\n<p>En esta comunidad las restricciones son m\u00e1s estrictas. EL cierre perimetral se mantendr\u00e1 hasta el pr\u00f3ximo a\u00f1o. No se ha establecido si habr\u00e1 permiso para salir o entrar en d\u00edas de navidad y a\u00f1o nuevo. Pero si est\u00e1 muy claro que se permitir\u00e1 la entrada a familiares que est\u00e9n fuera de la comunidad.<\/p>\n<p>Por otra parte, el toque de queda ser\u00e1 entre las 1:30 y las 6:00, para los d\u00edas 24 y 31 de diciembre y d\u00eda de reyes.<\/p>\n<h3><span class=\"ez-toc-section\" id=\"Comunidad_Foral_de_Navarra\"><\/span>Comunidad Foral de Navarra<span class=\"ez-toc-section-end\"><\/span><\/h3>\n<p>Se sabe que el cierre perimetral se mantiene del 23 de diciembre al 6 de enero y el toque de queda ser\u00e1 entre 1:30 y 6:00 horas para 24 y 31 de diciembre. As\u00ed como permitir a los familiares que est\u00e1n fuera de la comunidad o el pa\u00eds que regresen a sus hogares. Sin embargo, ser\u00e1 la pr\u00f3xima semana cuando se conozca el plan para navidad.<\/p>\n<blockquote><p>Revisa ahora los mejores <a href=\"https:\/\/www.seguro-comunidades.es\">seguros de comunidades<\/a> y selecciona la mejor opci\u00f3n para ti<\/p><\/blockquote>\n<h3><span class=\"ez-toc-section\" id=\"Comunidad_Valenciana\"><\/span>Comunidad Valenciana<span class=\"ez-toc-section-end\"><\/span><\/h3>\n<p>En esta comunidad se permitir\u00e1n las reuniones familiares los d\u00edas 23,24,25 y 31 de diciembre, as\u00ed como el 1 de enero. Y el toque de queda se mantiene desde el 24 al 26 de diciembre y 31 de diciembre y 1 de enero de 1:30 a 6:00. Solo para regresar a sus domicilios.<\/p>\n<h3><span class=\"ez-toc-section\" id=\"Extremadura\"><\/span>Extremadura<span class=\"ez-toc-section-end\"><\/span><\/h3>\n<p>La comunidad mantendr\u00e1 cerrada la perimetral del 23 de diciembre al 6 de enero y extender\u00e1 el toque de queda a la 1:30 horas el 24 y 31 de diciembre para regresar a sus hogares. Pero si permitir\u00e1 desplazamientos para reuniones familiares. Muy pronto dar\u00e1 m\u00e1s detalles.<\/p>\n","protected":false},"excerpt":{"rendered":"<p>En este a\u00f1o de pandemia mundial, no solo ser\u00e1 diferente la movilidad entre comunidades durante esta navidad. Todo lo relacionado con reuniones sociales y familiares tambi\u00e9n cambia, de acuerdo a las normas restrictivas para evitar expansi\u00f3n de la COVID-19. Las poligonales de algunas Comunidades Aut\u00f3nomas, estar\u00e1n cerradas durante todas las fiestas. De hecho, ya en [&hellip;]<\/p>\n","protected":false},"author":1,"featured_media":946,"comment_status":"open","ping_status":"open","sticky":false,"template":"","format":"standard","meta":{"_et_pb_use_builder":"","_et_pb_old_content":"","_et_gb_content_width":"","footnotes":""},"categories":[639],"tags":[648,652,646],"class_list":["post-945","post","type-post","status-publish","format-standard","has-post-thumbnail","hentry","category-comunidades","tag-confinamiento","tag-navidades-2020","tag-pandemia"],"_links":{"self":[{"href":"https:\/\/www.seguro-comunidades.es\/blog\/wp-json\/wp\/v2\/posts\/945","targetHints":{"allow":["GET"]}}],"collection":[{"href":"https:\/\/www.seguro-comunidades.es\/blog\/wp-json\/wp\/v2\/posts"}],"about":[{"href":"https:\/\/www.seguro-comunidades.es\/blog\/wp-json\/wp\/v2\/types\/post"}],"author":[{"embeddable":true,"href":"https:\/\/www.seguro-comunidades.es\/blog\/wp-json\/wp\/v2\/users\/1"}],"replies":[{"embeddable":true,"href":"https:\/\/www.seguro-comunidades.es\/blog\/wp-json\/wp\/v2\/comments?post=945"}],"version-history":[{"count":1,"href":"https:\/\/www.seguro-comunidades.es\/blog\/wp-json\/wp\/v2\/posts\/945\/revisions"}],"predecessor-version":[{"id":947,"href":"https:\/\/www.seguro-comunidades.es\/blog\/wp-json\/wp\/v2\/posts\/945\/revisions\/947"}],"wp:featuredmedia":[{"embeddable":true,"href":"https:\/\/www.seguro-comunidades.es\/blog\/wp-json\/wp\/v2\/media\/946"}],"wp:attachment":[{"href":"https:\/\/www.seguro-comunidades.es\/blog\/wp-json\/wp\/v2\/media?parent=945"}],"wp:term":[{"taxonomy":"category","embeddable":true,"href":"https:\/\/www.seguro-comunidades.es\/blog\/wp-json\/wp\/v2\/categories?post=945"},{"taxonomy":"post_tag","embeddable":true,"href":"https:\/\/www.seguro-comunidades.es\/blog\/wp-json\/wp\/v2\/tags?post=945"}],"curies":[{"name":"wp","href":"https:\/\/api.w.org\/{rel}","templated":true}]}}