{"id":1420,"date":"2025-09-15T05:13:36","date_gmt":"2025-09-15T03:13:36","guid":{"rendered":"https:\/\/www.seguro-comunidades.es\/blog\/?p=1420"},"modified":"2025-09-15T05:14:04","modified_gmt":"2025-09-15T03:14:04","slug":"incendio-en-barreiros","status":"publish","type":"post","link":"https:\/\/www.seguro-comunidades.es\/blog\/noticias\/incendio-en-barreiros\/","title":{"rendered":"Alertan de 20 hect\u00e1reas en llama tras incendio en Barreiros"},"content":{"rendered":"<p><span style=\"font-weight: 400;\">El <\/span><b>incendio en Barreiros<\/b><span style=\"font-weight: 400;\"> ha encendido las alarmas en la comarca mari\u00f1ana de Lugo. Lo que comenz\u00f3 como un foco en una zona forestal de San Xusto de Cabarcos se convirti\u00f3, en cuesti\u00f3n de horas, en un siniestro de gran magnitud que ya supera las 20 hect\u00e1reas.\u00a0<\/span><\/p>\n<p><span style=\"font-weight: 400;\">La combinaci\u00f3n de altas temperaturas, viento intenso y vegetaci\u00f3n seca contribuy\u00f3 <\/span><b>a que las llamas avanzaran r\u00e1pidamente<\/b><span style=\"font-weight: 400;\"> hacia \u00e1reas cercanas a carreteras principales.<\/span><\/p>\n<p><a href=\"https:\/\/www.seguros-generales.es\/seguros-comunidades.html\" target=\"_blank\" rel=\"noopener\"><img loading=\"lazy\" decoding=\"async\" class=\"aligncenter wp-image-1309 size-full\" title=\"comparador de seguros de comunidades\" src=\"https:\/\/www.seguro-comunidades.es\/blog\/wp-content\/uploads\/2024\/08\/COMUNIDAD.png\" alt=\"comparador de seguros de comunidades\" width=\"600\" height=\"200\" srcset=\"https:\/\/www.seguro-comunidades.es\/blog\/wp-content\/uploads\/2024\/08\/COMUNIDAD.png 600w, https:\/\/www.seguro-comunidades.es\/blog\/wp-content\/uploads\/2024\/08\/COMUNIDAD-480x160.png 480w\" sizes=\"(min-width: 0px) and (max-width: 480px) 480px, (min-width: 481px) 600px, 100vw\" \/><\/a><\/p>\n<p><span style=\"font-weight: 400;\">La magnitud del <\/span><b>incendio en Barreiros<\/b><span style=\"font-weight: 400;\"> oblig\u00f3 a las autoridades a cortar la circulaci\u00f3n en tramos de la A-8 y la N-634, desviando el tr\u00e1fico hacia carreteras secundarias.\u00a0<\/span><\/p>\n<p><span style=\"font-weight: 400;\">Este evento no solo ha generado enormes dificultades para el transporte, sino que <\/span><b>tambi\u00e9n ha puesto a prueba la capacidad de respuesta de brigadistas<\/b><span style=\"font-weight: 400;\"> y medios a\u00e9reos, con varios heridos en las labores de extinci\u00f3n.<\/span><\/p>\n<table>\n<tbody>\n<tr>\n<td><b>Descubre: <\/b><a href=\"https:\/\/www.seguro-comunidades.es\/blog\/noticias\/incendio-en-leon\/\"><b>Terrible incendio en Le\u00f3n: M\u00e1s de 10.000 desalojados<\/b><\/a><\/td>\n<\/tr>\n<\/tbody>\n<\/table>\n<div id=\"ez-toc-container\" class=\"ez-toc-v2_0_82_2 counter-hierarchy ez-toc-counter ez-toc-grey ez-toc-container-direction\">\n<div class=\"ez-toc-title-container\">\n<p class=\"ez-toc-title\" style=\"cursor:inherit\">Table of Contents<\/p>\n<span class=\"ez-toc-title-toggle\"><a href=\"#\" class=\"ez-toc-pull-right ez-toc-btn ez-toc-btn-xs ez-toc-btn-default ez-toc-toggle\" aria-label=\"Alternar tabla de contenidos\"><span class=\"ez-toc-js-icon-con\"><span class=\"\"><span class=\"eztoc-hide\" style=\"display:none;\">Toggle<\/span><span class=\"ez-toc-icon-toggle-span\"><svg style=\"fill: #999;color:#999\" xmlns=\"http:\/\/www.w3.org\/2000\/svg\" class=\"list-377408\" width=\"20px\" height=\"20px\" viewBox=\"0 0 24 24\" fill=\"none\"><path d=\"M6 6H4v2h2V6zm14 0H8v2h12V6zM4 11h2v2H4v-2zm16 0H8v2h12v-2zM4 16h2v2H4v-2zm16 0H8v2h12v-2z\" fill=\"currentColor\"><\/path><\/svg><svg style=\"fill: #999;color:#999\" class=\"arrow-unsorted-368013\" xmlns=\"http:\/\/www.w3.org\/2000\/svg\" width=\"10px\" height=\"10px\" viewBox=\"0 0 24 24\" version=\"1.2\" baseProfile=\"tiny\"><path d=\"M18.2 9.3l-6.2-6.3-6.2 6.3c-.2.2-.3.4-.3.7s.1.5.3.7c.2.2.4.3.7.3h11c.3 0 .5-.1.7-.3.2-.2.3-.5.3-.7s-.1-.5-.3-.7zM5.8 14.7l6.2 6.3 6.2-6.3c.2-.2.3-.5.3-.7s-.1-.5-.3-.7c-.2-.2-.4-.3-.7-.3h-11c-.3 0-.5.1-.7.3-.2.2-.3.5-.3.7s.1.5.3.7z\"\/><\/svg><\/span><\/span><\/span><\/a><\/span><\/div>\n<nav><ul class='ez-toc-list ez-toc-list-level-1 ' ><li class='ez-toc-page-1 ez-toc-heading-level-2'><a class=\"ez-toc-link ez-toc-heading-1\" href=\"https:\/\/www.seguro-comunidades.es\/blog\/noticias\/incendio-en-barreiros\/#Gran_despliegue_para_frenar_las_llamas\" >Gran despliegue para frenar las llamas<\/a><ul class='ez-toc-list-level-3' ><li class='ez-toc-heading-level-3'><a class=\"ez-toc-link ez-toc-heading-2\" href=\"https:\/\/www.seguro-comunidades.es\/blog\/noticias\/incendio-en-barreiros\/#Heridos_en_las_labores_de_extincion\" >Heridos en las labores de extinci\u00f3n<\/a><\/li><\/ul><\/li><li class='ez-toc-page-1 ez-toc-heading-level-2'><a class=\"ez-toc-link ez-toc-heading-3\" href=\"https:\/\/www.seguro-comunidades.es\/blog\/noticias\/incendio-en-barreiros\/#%C2%BFQue_causo_el_incendio_en_Barreiros\" >\u00bfQu\u00e9 caus\u00f3 el incendio en Barreiros?<\/a><ul class='ez-toc-list-level-3' ><li class='ez-toc-heading-level-3'><a class=\"ez-toc-link ez-toc-heading-4\" href=\"https:\/\/www.seguro-comunidades.es\/blog\/noticias\/incendio-en-barreiros\/#Consecuencias_en_la_movilidad_y_la_economia_local\" >Consecuencias en la movilidad y la econom\u00eda local<\/a><\/li><li class='ez-toc-page-1 ez-toc-heading-level-3'><a class=\"ez-toc-link ez-toc-heading-5\" href=\"https:\/\/www.seguro-comunidades.es\/blog\/noticias\/incendio-en-barreiros\/#Vegetacion_y_condiciones_del_terreno\" >Vegetaci\u00f3n y condiciones del terreno<\/a><\/li><\/ul><\/li><li class='ez-toc-page-1 ez-toc-heading-level-2'><a class=\"ez-toc-link ez-toc-heading-6\" href=\"https:\/\/www.seguro-comunidades.es\/blog\/noticias\/incendio-en-barreiros\/#%C2%BFEl_seguro_de_comunidades_cubre_incendios\" >\u00bfEl seguro de comunidades cubre incendios?<\/a><\/li><li class='ez-toc-page-1 ez-toc-heading-level-2'><a class=\"ez-toc-link ez-toc-heading-7\" href=\"https:\/\/www.seguro-comunidades.es\/blog\/noticias\/incendio-en-barreiros\/#Mejores_seguros_de_comunidades_en_Espana\" >Mejores seguros de comunidades en Espa\u00f1a<\/a><\/li><\/ul><\/nav><\/div>\n<h2><span class=\"ez-toc-section\" id=\"Gran_despliegue_para_frenar_las_llamas\"><\/span><span style=\"color: #ff6600;\"><b>Gran despliegue para frenar las llamas<\/b><\/span><span class=\"ez-toc-section-end\"><\/span><\/h2>\n<p><span style=\"font-weight: 400;\">Desde primeras horas de la tarde, un importante operativo se puso en marcha para combatir el <\/span><b>incendio en Barreiros<\/b><span style=\"font-weight: 400;\">. <\/span><b>M\u00e1s de nueve brigadas, seis helic\u00f3pteros, tres aviones, varias motobombas y equipos t\u00e9cnicos trabajaron sin descanso<\/b><span style=\"font-weight: 400;\"> para controlar el avance del fuego.\u00a0<\/span><\/p>\n<p><span style=\"font-weight: 400;\">La presencia de humo denso oblig\u00f3 a cortar ambos carriles de la Autov\u00eda del Cant\u00e1brico y a desviar la circulaci\u00f3n de miles de veh\u00edculos.<\/span><\/p>\n<h3><span class=\"ez-toc-section\" id=\"Heridos_en_las_labores_de_extincion\"><\/span><span style=\"color: #ff6600;\"><b>Heridos en las labores de extinci\u00f3n<\/b><\/span><span class=\"ez-toc-section-end\"><\/span><\/h3>\n<p><span style=\"font-weight: 400;\">Cinco brigadistas resultaron heridos con quemaduras mientras combat\u00edan el fuego. <\/span><b>Cuatro de ellos presentan lesiones leves y uno permanece bajo observaci\u00f3n m\u00e9dica con pron\u00f3stico m\u00e1s delicado.<\/b><span style=\"font-weight: 400;\">\u00a0<\/span><\/p>\n<p><span style=\"font-weight: 400;\">Estos incidentes ponen de relieve los riesgos extremos que enfrentan los equipos de emergencias en cada incendio forestal.<\/span><\/p>\n<table style=\"width: 100.209%; height: 41px;\">\n<tbody>\n<tr>\n<td>\n<p style=\"text-align: center;\"><b>Usa el nuevo <\/b><a title=\"comparador de seguros de comunidades\" href=\"https:\/\/www.seguros-generales.es\/seguros-comunidades.html\" target=\"_blank\" rel=\"noopener\"><b>comparador de seguros de comunidades<\/b><\/a><b> y elige la p\u00f3liza m\u00e1s completa al mejor precio.<\/b><\/p>\n<\/td>\n<\/tr>\n<\/tbody>\n<\/table>\n<h2><span class=\"ez-toc-section\" id=\"%C2%BFQue_causo_el_incendio_en_Barreiros\"><\/span><span style=\"color: #ff6600;\"><b>\u00bfQu\u00e9 caus\u00f3 el incendio en Barreiros?<\/b><\/span><span class=\"ez-toc-section-end\"><\/span><\/h2>\n<p><span style=\"font-weight: 400;\">Aunque la investigaci\u00f3n sigue abierta, <\/span><b>todo apunta a que el origen del incendio en Barreiros est\u00e1 vinculado a las condiciones meteorol\u00f3gicas extremas y a la acumulaci\u00f3n de vegetaci\u00f3n seca<\/b><span style=\"font-weight: 400;\">.\u00a0<\/span><\/p>\n<p><span style=\"font-weight: 400;\">Las autoridades no descartan la posibilidad de acci\u00f3n humana, intencionada o por negligencia, y recuerdan que la ciudadan\u00eda puede denunciar comportamientos sospechosos al tel\u00e9fono 900 815 085.<\/span><\/p>\n<h3><span class=\"ez-toc-section\" id=\"Consecuencias_en_la_movilidad_y_la_economia_local\"><\/span><span style=\"color: #ff6600;\"><b>Consecuencias en la movilidad y la econom\u00eda local<\/b><\/span><span class=\"ez-toc-section-end\"><\/span><\/h3>\n<p><span style=\"font-weight: 400;\">El corte de la A-8 y la N-634 ha generado largas retenciones, afectando no solo a turistas y residentes, sino tambi\u00e9n a la actividad econ\u00f3mica de la zona.\u00a0<\/span><\/p>\n<p><b>Los transportistas y empresas locales han visto alterados sus planes log\u00edsticos<\/b><span style=\"font-weight: 400;\">, lo que pone en evidencia la vulnerabilidad de las infraestructuras ante emergencias de este tipo.<\/span><\/p>\n<table>\n<tbody>\n<tr>\n<td><b>Descubre: <\/b><a title=\"Incendio forestal en C\u00f3rdoba\" href=\"https:\/\/www.seguro-comunidades.es\/blog\/noticias\/incendio-forestal-en-cordoba\/\" target=\"_blank\" rel=\"noopener\"><b>Incendio forestal en C\u00f3rdoba: Un Origen Inesperado<\/b><\/a><\/td>\n<\/tr>\n<\/tbody>\n<\/table>\n<h3><span class=\"ez-toc-section\" id=\"Vegetacion_y_condiciones_del_terreno\"><\/span><span style=\"color: #ff6600;\"><b>Vegetaci\u00f3n y condiciones del terreno<\/b><\/span><span class=\"ez-toc-section-end\"><\/span><\/h3>\n<p><span style=\"font-weight: 400;\">El fuego ha arrasado principalmente <\/span><b>zonas de eucalipto y matorral<\/b><span style=\"font-weight: 400;\">, altamente inflamables en \u00e9pocas de calor. Estos factores aumentan la velocidad de propagaci\u00f3n y dificultan el trabajo de los medios a\u00e9reos y terrestres. <\/span><b>La prevenci\u00f3n y gesti\u00f3n del monte se vuelven claves para evitar incendios de tal magnitud.<\/b><\/p>\n<h2><span class=\"ez-toc-section\" id=\"%C2%BFEl_seguro_de_comunidades_cubre_incendios\"><\/span><span style=\"color: #ff6600;\"><b>\u00bfEl seguro de comunidades cubre incendios?<\/b><\/span><span class=\"ez-toc-section-end\"><\/span><\/h2>\n<p><span style=\"font-weight: 400;\">En la mayor\u00eda de los casos, <\/span><b>los seguros de comunidades s\u00ed contemplan la cobertura por incendios<\/b><span style=\"font-weight: 400;\">, tanto en zonas comunes como en infraestructuras compartidas.\u00a0<\/span><\/p>\n<p><span style=\"font-weight: 400;\">Estas p\u00f3lizas pueden incluir da\u00f1os estructurales, gastos de extinci\u00f3n e incluso indemnizaciones por p\u00e9rdidas econ\u00f3micas derivadas del siniestro. Sin embargo, las coberturas var\u00edan seg\u00fan la aseguradora y es fundamental revisarlas peri\u00f3dicamente.<\/span><\/p>\n<h2><span class=\"ez-toc-section\" id=\"Mejores_seguros_de_comunidades_en_Espana\"><\/span><span style=\"color: #ff6600;\"><b>Mejores seguros de comunidades en Espa\u00f1a<\/b><\/span><span class=\"ez-toc-section-end\"><\/span><\/h2>\n<table>\n<tbody>\n<tr>\n<td style=\"text-align: center;\"><b>Seguro<\/b><\/td>\n<td style=\"text-align: center;\"><b>Aseguradora<\/b><\/td>\n<td style=\"text-align: center;\"><b>Coberturas destacadas<\/b><\/td>\n<td style=\"text-align: center;\"><b>Precio estimado<\/b><\/td>\n<\/tr>\n<tr>\n<td style=\"text-align: center;\"><span style=\"font-weight: 400;\">Comunidad Protegida Plus<\/span><\/td>\n<td style=\"text-align: center;\"><span style=\"font-weight: 400;\">Mapfre<\/span><\/td>\n<td style=\"text-align: center;\"><span style=\"font-weight: 400;\">Incendio, da\u00f1os por agua, responsabilidad civil<\/span><\/td>\n<td style=\"text-align: center;\"><span style=\"font-weight: 400;\">Desde 25 \u20ac\/mes<\/span><\/td>\n<\/tr>\n<tr>\n<td style=\"text-align: center;\"><span style=\"font-weight: 400;\">Hogar y Comunidad Integral<\/span><\/td>\n<td style=\"text-align: center;\"><span style=\"font-weight: 400;\">Allianz<\/span><\/td>\n<td style=\"text-align: center;\"><span style=\"font-weight: 400;\">Incendio, explosi\u00f3n, asistencia 24h, da\u00f1os estructurales<\/span><\/td>\n<td style=\"text-align: center;\"><span style=\"font-weight: 400;\">Desde 22 \u20ac\/mes<\/span><\/td>\n<\/tr>\n<tr>\n<td style=\"text-align: center;\"><span style=\"font-weight: 400;\">Multirriesgo Comunidades<\/span><\/td>\n<td style=\"text-align: center;\"><span style=\"font-weight: 400;\">AXA<\/span><\/td>\n<td style=\"text-align: center;\"><span style=\"font-weight: 400;\">Incendio, rotura de cristales, filtraciones, asistencia legal<\/span><\/td>\n<td style=\"text-align: center;\"><span style=\"font-weight: 400;\">Desde 20 \u20ac\/mes<\/span><\/td>\n<\/tr>\n<tr>\n<td style=\"text-align: center;\"><span style=\"font-weight: 400;\">Comunidad Premium<\/span><\/td>\n<td style=\"text-align: center;\"><span style=\"font-weight: 400;\">Zurich<\/span><\/td>\n<td style=\"text-align: center;\"><span style=\"font-weight: 400;\">Incendio, da\u00f1os el\u00e9ctricos, cobertura a zonas comunes<\/span><\/td>\n<td style=\"text-align: center;\"><span style=\"font-weight: 400;\">Desde 23 \u20ac\/mes<\/span><\/td>\n<\/tr>\n<\/tbody>\n<\/table>\n<p><span style=\"font-weight: 400;\">El <\/span><b>incendio en Barreiros<\/b><span style=\"font-weight: 400;\"> evidencia la necesidad de reforzar las medidas preventivas: <\/span><b>limpieza de monte, cortafuegos estrat\u00e9gicos y planes de evacuaci\u00f3n<\/b><span style=\"font-weight: 400;\"> en zonas sensibles.\u00a0<\/span><\/p>\n<p><span style=\"font-weight: 400;\">Adem\u00e1s, la instalaci\u00f3n de sistemas de detecci\u00f3n temprana y el fortalecimiento de las brigadas forestales pueden reducir significativamente los da\u00f1os en futuros episodios.<\/span><\/p>\n","protected":false},"excerpt":{"rendered":"<p>El incendio en Barreiros ha encendido las alarmas en la comarca mari\u00f1ana de Lugo. Lo que comenz\u00f3 como un foco en una zona forestal de San Xusto de Cabarcos se convirti\u00f3, en cuesti\u00f3n de horas, en un siniestro de gran magnitud que ya supera las 20 hect\u00e1reas.\u00a0 La combinaci\u00f3n de altas temperaturas, viento intenso y [&hellip;]<\/p>\n","protected":false},"author":4,"featured_media":1421,"comment_status":"open","ping_status":"open","sticky":false,"template":"","format":"standard","meta":{"_et_pb_use_builder":"","_et_pb_old_content":"","_et_gb_content_width":"","footnotes":""},"categories":[618],"tags":[1011,1013,1012,1014],"class_list":["post-1420","post","type-post","status-publish","format-standard","has-post-thumbnail","hentry","category-noticias","tag-incendio-en-barreiros","tag-incendio-en-barreiros-fotos","tag-incendio-en-barreiros-hoy","tag-incendio-en-barreiros-noticias"],"_links":{"self":[{"href":"https:\/\/www.seguro-comunidades.es\/blog\/wp-json\/wp\/v2\/posts\/1420","targetHints":{"allow":["GET"]}}],"collection":[{"href":"https:\/\/www.seguro-comunidades.es\/blog\/wp-json\/wp\/v2\/posts"}],"about":[{"href":"https:\/\/www.seguro-comunidades.es\/blog\/wp-json\/wp\/v2\/types\/post"}],"author":[{"embeddable":true,"href":"https:\/\/www.seguro-comunidades.es\/blog\/wp-json\/wp\/v2\/users\/4"}],"replies":[{"embeddable":true,"href":"https:\/\/www.seguro-comunidades.es\/blog\/wp-json\/wp\/v2\/comments?post=1420"}],"version-history":[{"count":1,"href":"https:\/\/www.seguro-comunidades.es\/blog\/wp-json\/wp\/v2\/posts\/1420\/revisions"}],"predecessor-version":[{"id":1422,"href":"https:\/\/www.seguro-comunidades.es\/blog\/wp-json\/wp\/v2\/posts\/1420\/revisions\/1422"}],"wp:featuredmedia":[{"embeddable":true,"href":"https:\/\/www.seguro-comunidades.es\/blog\/wp-json\/wp\/v2\/media\/1421"}],"wp:attachment":[{"href":"https:\/\/www.seguro-comunidades.es\/blog\/wp-json\/wp\/v2\/media?parent=1420"}],"wp:term":[{"taxonomy":"category","embeddable":true,"href":"https:\/\/www.seguro-comunidades.es\/blog\/wp-json\/wp\/v2\/categories?post=1420"},{"taxonomy":"post_tag","embeddable":true,"href":"https:\/\/www.seguro-comunidades.es\/blog\/wp-json\/wp\/v2\/tags?post=1420"}],"curies":[{"name":"wp","href":"https:\/\/api.w.org\/{rel}","templated":true}]}}