{"id":1357,"date":"2025-01-15T02:42:11","date_gmt":"2025-01-15T00:42:11","guid":{"rendered":"https:\/\/www.seguro-comunidades.es\/blog\/?p=1357"},"modified":"2025-01-15T02:42:11","modified_gmt":"2025-01-15T00:42:11","slug":"precio-de-la-luz","status":"publish","type":"post","link":"https:\/\/www.seguro-comunidades.es\/blog\/noticias\/precio-de-la-luz\/","title":{"rendered":"Este es el precio de la luz: Horas prohibitivas"},"content":{"rendered":"<p><span style=\"font-weight: 400;\">El <\/span><b>precio de la luz<\/b><span style=\"font-weight: 400;\"> se ha convertido en un tema recurrente y preocupante para los hogares y empresas en Espa\u00f1a. Durante los \u00faltimos meses, el mercado el\u00e9ctrico ha mostrado fluctuaciones significativas<\/span><\/p>\n<p><span style=\"font-weight: 400;\">Incluso alcanzando valores que <\/span><b>afectan directamente la econom\u00eda familiar<\/b><span style=\"font-weight: 400;\">. En este contexto, entender los factores que influyen en estas subidas y c\u00f3mo gestionarlas es clave para mitigar su impacto.<\/span><\/p>\n<p><span style=\"font-weight: 400;\">El invierno, con su aumento en la demanda energ\u00e9tica, ha sido un <\/span><b>catalizador para el alza en el precio de la luz.<\/b><span style=\"font-weight: 400;\"> Las condiciones meteorol\u00f3gicas adversas, combinadas con factores externos como la dependencia del gas, han colocado a los consumidores en una posici\u00f3n dif\u00edcil.\u00a0<\/span><\/p>\n<p><span style=\"font-weight: 400;\">Este art\u00edculo <\/span><b>analiza las horas m\u00e1s caras de consumo<\/b><span style=\"font-weight: 400;\"> y ofrece estrategias para reducir la factura el\u00e9ctrica. No te pierdas la lista con los momentos del d\u00eda donde tendr\u00e1 mayor coste el servicio.\u00a0<\/span><\/p>\n<table>\n<tbody>\n<tr>\n<td><b>Descubre: <\/b><a title=\"Terremotos Valencia\" href=\"https:\/\/www.seguro-comunidades.es\/blog\/noticias\/terremotos-valencia\/\" target=\"_blank\" rel=\"noopener\"><b>Terremotos Valencia: Al menos 4 sucesos registrados<\/b><\/a><\/td>\n<\/tr>\n<\/tbody>\n<\/table>\n<h2><\/h2>\n<div id=\"ez-toc-container\" class=\"ez-toc-v2_0_82_2 counter-hierarchy ez-toc-counter ez-toc-grey ez-toc-container-direction\">\n<div class=\"ez-toc-title-container\">\n<p class=\"ez-toc-title\" style=\"cursor:inherit\">Table of Contents<\/p>\n<span class=\"ez-toc-title-toggle\"><a href=\"#\" class=\"ez-toc-pull-right ez-toc-btn ez-toc-btn-xs ez-toc-btn-default ez-toc-toggle\" aria-label=\"Alternar tabla de contenidos\"><span class=\"ez-toc-js-icon-con\"><span class=\"\"><span class=\"eztoc-hide\" style=\"display:none;\">Toggle<\/span><span class=\"ez-toc-icon-toggle-span\"><svg style=\"fill: #999;color:#999\" xmlns=\"http:\/\/www.w3.org\/2000\/svg\" class=\"list-377408\" width=\"20px\" height=\"20px\" viewBox=\"0 0 24 24\" fill=\"none\"><path d=\"M6 6H4v2h2V6zm14 0H8v2h12V6zM4 11h2v2H4v-2zm16 0H8v2h12v-2zM4 16h2v2H4v-2zm16 0H8v2h12v-2z\" fill=\"currentColor\"><\/path><\/svg><svg style=\"fill: #999;color:#999\" class=\"arrow-unsorted-368013\" xmlns=\"http:\/\/www.w3.org\/2000\/svg\" width=\"10px\" height=\"10px\" viewBox=\"0 0 24 24\" version=\"1.2\" baseProfile=\"tiny\"><path d=\"M18.2 9.3l-6.2-6.3-6.2 6.3c-.2.2-.3.4-.3.7s.1.5.3.7c.2.2.4.3.7.3h11c.3 0 .5-.1.7-.3.2-.2.3-.5.3-.7s-.1-.5-.3-.7zM5.8 14.7l6.2 6.3 6.2-6.3c.2-.2.3-.5.3-.7s-.1-.5-.3-.7c-.2-.2-.4-.3-.7-.3h-11c-.3 0-.5.1-.7.3-.2.2-.3.5-.3.7s.1.5.3.7z\"\/><\/svg><\/span><\/span><\/span><\/a><\/span><\/div>\n<nav><ul class='ez-toc-list ez-toc-list-level-1 ' ><li class='ez-toc-page-1 ez-toc-heading-level-2'><a class=\"ez-toc-link ez-toc-heading-1\" href=\"https:\/\/www.seguro-comunidades.es\/blog\/noticias\/precio-de-la-luz\/#Factores_que_determinan_el_precio_de_la_luz\" >Factores que determinan el precio de la luz<\/a><ul class='ez-toc-list-level-3' ><li class='ez-toc-heading-level-3'><a class=\"ez-toc-link ez-toc-heading-2\" href=\"https:\/\/www.seguro-comunidades.es\/blog\/noticias\/precio-de-la-luz\/#Horas_prohibitivas_que_alteran_el_precio_de_la_luz\" >Horas prohibitivas que alteran el precio de la luz<\/a><\/li><li class='ez-toc-page-1 ez-toc-heading-level-3'><a class=\"ez-toc-link ez-toc-heading-3\" href=\"https:\/\/www.seguro-comunidades.es\/blog\/noticias\/precio-de-la-luz\/#Impacto_de_las_medidas_fiscales\" >Impacto de las medidas fiscales<\/a><\/li><\/ul><\/li><li class='ez-toc-page-1 ez-toc-heading-level-2'><a class=\"ez-toc-link ez-toc-heading-4\" href=\"https:\/\/www.seguro-comunidades.es\/blog\/noticias\/precio-de-la-luz\/#%C2%BFQue_hacer_para_ahorrar_en_la_factura_de_luz_en_Espana\" >\u00bfQu\u00e9 hacer para ahorrar en la factura de luz en Espa\u00f1a?<\/a><\/li><\/ul><\/nav><\/div>\n<h2><span class=\"ez-toc-section\" id=\"Factores_que_determinan_el_precio_de_la_luz\"><\/span><span style=\"color: #ff6600;\"><b>Factores que determinan el precio de la luz<\/b><\/span><span class=\"ez-toc-section-end\"><\/span><\/h2>\n<p><span style=\"font-weight: 400;\">El precio de la luz est\u00e1 influenciado por diversos elementos, entre los que destacan las condiciones clim\u00e1ticas y la dependencia de energ\u00edas no renovables.\u00a0<\/span><\/p>\n<p><span style=\"font-weight: 400;\">En invierno, la <\/span><b>disminuci\u00f3n de horas de sol<\/b><span style=\"font-weight: 400;\"> afecta la producci\u00f3n solar, mientras que la falta de viento reduce la generaci\u00f3n e\u00f3lica. Esto obliga al sistema el\u00e9ctrico a recurrir al gas, una fuente m\u00e1s costosa y sujeta a fluctuaciones de mercado.<\/span><\/p>\n<p><span style=\"font-weight: 400;\">Adem\u00e1s, los impuestos y cargos en la factura de electricidad tambi\u00e9n impactan al consumidor final. En tramos horarios como de<\/span><b> 8:00 a 9:00 y de 18:00 a 22:00,<\/b><span style=\"font-weight: 400;\"> el precio suele alcanzar su pico debido a la alta demanda y los costos asociados al mercado mayorista.\u00a0<\/span><\/p>\n<table style=\"width: 100.144%; height: 53px;\">\n<tbody>\n<tr>\n<td>\n<p style=\"text-align: center;\"><span style=\"font-weight: 400;\">Usa el <\/span><a title=\"comparador de seguros de comunidades\" href=\"https:\/\/www.seguros-generales.es\/seguros-comunidades.html\" target=\"_blank\" rel=\"noopener\"><b>comparador de seguros de comunidades<\/b><\/a> <span style=\"font-weight: 400;\">y elige la p\u00f3liza m\u00e1s competitiva para aumentar tu comodidad.\u00a0<\/span><\/p>\n<\/td>\n<\/tr>\n<\/tbody>\n<\/table>\n<h3><\/h3>\n<h3><span class=\"ez-toc-section\" id=\"Horas_prohibitivas_que_alteran_el_precio_de_la_luz\"><\/span><span style=\"color: #ff6600;\"><b>Horas prohibitivas que alteran el precio de la luz<\/b><\/span><span class=\"ez-toc-section-end\"><\/span><\/h3>\n<p><span style=\"font-weight: 400;\">Para minimizar el impacto del precio de la luz, es crucial identificar las horas de mayor costo. Los picos de precio suelen registrarse en la ma\u00f1ana, entre las 8:00 y las 9:00, y en la tarde, de 18:00 a 22:00.\u00a0<\/span><\/p>\n<p><span style=\"font-weight: 400;\">Durante estos periodos, <\/span><b>el megavatio hora (MWh) puede alcanzar valores cercanos a los 225 euros<\/b><span style=\"font-weight: 400;\">, como ocurri\u00f3 recientemente en jornadas fr\u00edas de invierno.<\/span><\/p>\n<p><span style=\"font-weight: 400;\">Por el contrario, las horas m\u00e1s econ\u00f3micas tienden a ser al mediod\u00eda, entre las 14:00 y las 15:00, <\/span><b>cuando la demanda disminuye y la producci\u00f3n renovable es m\u00e1s eficiente.\u00a0<\/b><\/p>\n<p><span style=\"font-weight: 400;\">Aprovechar estos tramos horarios para actividades de alto consumo el\u00e9ctrico, como el uso de electrodom\u00e9sticos, puede generar ahorros significativos en la factura.<\/span><\/p>\n<table>\n<tbody>\n<tr>\n<td><b>Descubre: <\/b><a title=\"afectados sin internet\" href=\"https:\/\/www.seguro-comunidades.es\/blog\/noticias\/acceso-a-unicaja\/\" target=\"_blank\" rel=\"noopener\"><b>M\u00e1s de 100 mil malague\u00f1os afectados sin internet ni acceso a Unicaja<\/b><\/a><\/td>\n<\/tr>\n<\/tbody>\n<\/table>\n<h3><\/h3>\n<h3><span class=\"ez-toc-section\" id=\"Impacto_de_las_medidas_fiscales\"><\/span><span style=\"color: #ff6600;\"><b>Impacto de las medidas fiscales<\/b><\/span><span class=\"ez-toc-section-end\"><\/span><\/h3>\n<p><span style=\"font-weight: 400;\">El gobierno ha adoptado medidas para contener el impacto del precio de la luz, como la reducci\u00f3n del IVA al 5%. Aunque esta medida proporciona cierto alivio, su eficacia est\u00e1 condicionada a la persistencia de precios elevados en el mercado mayorista.\u00a0<\/span><\/p>\n<p><span style=\"font-weight: 400;\">Por otro lado, los cambios en la estructura de tarifas tambi\u00e9n han buscado amortiguar los efectos de las fluctuaciones del mercado, aunque con resultados limitados para el consumidor final.<\/span><\/p>\n<p><a href=\"https:\/\/www.seguros-generales.es\/seguros-comunidades.html\" target=\"_blank\" rel=\"noopener\"><img loading=\"lazy\" decoding=\"async\" class=\"aligncenter wp-image-1309 size-full\" title=\"comparador de seguros de comunidades\" src=\"https:\/\/www.seguro-comunidades.es\/blog\/wp-content\/uploads\/2024\/08\/COMUNIDAD.png\" alt=\"comparador de seguros de comunidades\" width=\"600\" height=\"200\" srcset=\"https:\/\/www.seguro-comunidades.es\/blog\/wp-content\/uploads\/2024\/08\/COMUNIDAD.png 600w, https:\/\/www.seguro-comunidades.es\/blog\/wp-content\/uploads\/2024\/08\/COMUNIDAD-480x160.png 480w\" sizes=\"(min-width: 0px) and (max-width: 480px) 480px, (min-width: 481px) 600px, 100vw\" \/><\/a><\/p>\n<h2><span class=\"ez-toc-section\" id=\"%C2%BFQue_hacer_para_ahorrar_en_la_factura_de_luz_en_Espana\"><\/span><span style=\"color: #ff6600;\"><b>\u00bfQu\u00e9 hacer para ahorrar en la factura de luz en Espa\u00f1a?<\/b><\/span><span class=\"ez-toc-section-end\"><\/span><\/h2>\n<p><span style=\"font-weight: 400;\">Finalmente, existen diversas estrategias para enfrentar el aumento del precio de la luz:<\/span><\/p>\n<ol>\n<li style=\"font-weight: 400;\" aria-level=\"1\"><b>Monitorizar los precios por hora:<\/b><span style=\"font-weight: 400;\"> Herramientas y aplicaciones que muestran el costo de la electricidad en tiempo real pueden ayudar a optimizar el consumo en las horas m\u00e1s econ\u00f3micas.<\/span><\/li>\n<li style=\"font-weight: 400;\" aria-level=\"1\"><b>Apostar por tarifas con discriminaci\u00f3n horaria:<\/b><span style=\"font-weight: 400;\"> Estas tarifas permiten aprovechar tramos de menor costo, como las horas valle, para reducir el impacto en la factura.<\/span><\/li>\n<li style=\"font-weight: 400;\" aria-level=\"1\"><b>Mejorar la eficiencia energ\u00e9tica:<\/b><span style=\"font-weight: 400;\"> Cambiar a electrodom\u00e9sticos eficientes, usar bombillas LED y optimizar el aislamiento del hogar son medidas efectivas para disminuir el consumo.<\/span><\/li>\n<li style=\"font-weight: 400;\" aria-level=\"1\"><b>Invertir en energ\u00eda renovable:<\/b><span style=\"font-weight: 400;\"> La instalaci\u00f3n de paneles solares puede reducir significativamente la dependencia de la red el\u00e9ctrica y generar ahorros a largo plazo.<\/span><\/li>\n<\/ol>\n<p>&nbsp;<\/p>\n","protected":false},"excerpt":{"rendered":"<p>El precio de la luz se ha convertido en un tema recurrente y preocupante para los hogares y empresas en Espa\u00f1a. Durante los \u00faltimos meses, el mercado el\u00e9ctrico ha mostrado fluctuaciones significativas Incluso alcanzando valores que afectan directamente la econom\u00eda familiar. En este contexto, entender los factores que influyen en estas subidas y c\u00f3mo gestionarlas [&hellip;]<\/p>\n","protected":false},"author":4,"featured_media":1358,"comment_status":"open","ping_status":"open","sticky":false,"template":"","format":"standard","meta":{"_et_pb_use_builder":"","_et_pb_old_content":"","_et_gb_content_width":"","footnotes":""},"categories":[618],"tags":[954,957,958,955,959,956],"class_list":["post-1357","post","type-post","status-publish","format-standard","has-post-thumbnail","hentry","category-noticias","tag-precio-de-la-luz","tag-precio-de-la-luz-enero","tag-precio-de-la-luz-espana","tag-precio-de-la-luz-hoy","tag-precio-de-la-luz-madrid","tag-precio-de-la-luz-manana"],"_links":{"self":[{"href":"https:\/\/www.seguro-comunidades.es\/blog\/wp-json\/wp\/v2\/posts\/1357","targetHints":{"allow":["GET"]}}],"collection":[{"href":"https:\/\/www.seguro-comunidades.es\/blog\/wp-json\/wp\/v2\/posts"}],"about":[{"href":"https:\/\/www.seguro-comunidades.es\/blog\/wp-json\/wp\/v2\/types\/post"}],"author":[{"embeddable":true,"href":"https:\/\/www.seguro-comunidades.es\/blog\/wp-json\/wp\/v2\/users\/4"}],"replies":[{"embeddable":true,"href":"https:\/\/www.seguro-comunidades.es\/blog\/wp-json\/wp\/v2\/comments?post=1357"}],"version-history":[{"count":1,"href":"https:\/\/www.seguro-comunidades.es\/blog\/wp-json\/wp\/v2\/posts\/1357\/revisions"}],"predecessor-version":[{"id":1359,"href":"https:\/\/www.seguro-comunidades.es\/blog\/wp-json\/wp\/v2\/posts\/1357\/revisions\/1359"}],"wp:featuredmedia":[{"embeddable":true,"href":"https:\/\/www.seguro-comunidades.es\/blog\/wp-json\/wp\/v2\/media\/1358"}],"wp:attachment":[{"href":"https:\/\/www.seguro-comunidades.es\/blog\/wp-json\/wp\/v2\/media?parent=1357"}],"wp:term":[{"taxonomy":"category","embeddable":true,"href":"https:\/\/www.seguro-comunidades.es\/blog\/wp-json\/wp\/v2\/categories?post=1357"},{"taxonomy":"post_tag","embeddable":true,"href":"https:\/\/www.seguro-comunidades.es\/blog\/wp-json\/wp\/v2\/tags?post=1357"}],"curies":[{"name":"wp","href":"https:\/\/api.w.org\/{rel}","templated":true}]}}